{"id":1469,"date":"2021-11-13T14:44:19","date_gmt":"2021-11-13T13:44:19","guid":{"rendered":"https:\/\/firsttrack.anteprima.onl\/?p=1469"},"modified":"2021-11-13T14:53:41","modified_gmt":"2021-11-13T13:53:41","slug":"telemark-journal-international-volume-3","status":"publish","type":"post","link":"https:\/\/firsttrack.it\/en\/telemark-journal-international-volume-3\/","title":{"rendered":"Telemark Journal International Volume 3"},"content":{"rendered":"<p><strong>Parlando di telemark e di sogni<\/strong><\/p>\n\n\n\n<p>In cordata, una storia di vita e di montagna<\/p>\n\n\n\n<p>Quando ero bambino mio padre mi&nbsp; portava a sciare sulle alpi; non era una vera e propria vacanza, non nel senso convenzionale del termine; il viaggio era eterno, il soggiorno aveva una durata misteriosa che poteva variare da pochi giorni a diverse settimane, la logistica era degna di una spedizione perch\u00e9 pap\u00e0 voleva assolutamente portare con se tutta la sua attrezzatura, della quale era orgoglioso e gelosissimo, non poteva nemmeno considerare l\u2019idea di affittarne una parte in loco e per noi, che venivamo da cos\u00ec lontano, ci\u00f2 significava sacrificare a sci, sacchi e scarponi ogni speranza di confort.<\/p>\n\n\n\n<p>La destinazione era fuori dalle rotte turistiche pi\u00f9 battute in quegli anni e ci\u00f2 comportava ulteriori disagi per raggiungere la meta; Scoprii molto dopo che la localit\u00e0 godeva di una certa fama all\u2019interno del ristretto mondo degli amanti dello sci ripido e dell\u2019alpinismo d\u2019alta quota, ma non offriva certo molti diversivi al di fuori dello sci. Probabilmente per questo mia madre smise quasi subito di accompagnarci in queste spedizioni e molto presto anche mio fratello maggiore cominci\u00f2 a trovare, nello studio o negli impegni cittadini, insormontabili impedimenti per giustificare la sua permanenza a casa.<\/p>\n\n\n\n<p>Mia madre amava pap\u00e0 ma non riusciva proprio a capire cosa potesse esserci di cosi entusiasmante nel fare migliaia di chilometri stretti in un\u2019utilitaria per andarsi a rintanare in un appartamento microscopico, in un&nbsp; paese del quale a stento comprendeva la lingua, e dove avrebbe potuto conversare solo con la commessa del minimarket e con il giornalaio.<\/p>\n\n\n\n<p><\/p>\n\n\n\n<p><strong>FirstTrack collabora e sostiene il progetto editoriale Telemark Journal, tutti i volumi publicati sono ordinabili al seguente indirizzo:<\/strong>&nbsp;&nbsp;<br><a rel=\"noreferrer noopener\" href=\"https:\/\/www.facebook.com\/TelemarkJournal\" target=\"_blank\">Log in or sign up to view<\/a><\/p>\n\n\n\n<p><\/p>\n\n\n\n<p><a style=\"color:222222;text-decoration:underline;\" rel=\"noreferrer noopener\" href=\"https:\/\/firsttrack.it\/wp-content\/uploads\/2021\/11\/Telemark_Journal_International_Volume_3.pdf\" target=\"_blank\">Leggi l&#8217;intero estratto in pdf<\/a><\/p>","protected":false},"excerpt":{"rendered":"<p>Parlando di telemark e di sogni In cordata, una storia di vita e di montagna Quando ero bambino mio padre mi&nbsp; portava a sciare sulle alpi; non era una vera e propria vacanza, non nel senso convenzionale del termine; il viaggio era eterno, il soggiorno aveva una durata misteriosa che poteva variare da pochi giorni &#8230; <a title=\"Telemark Journal International Volume 3\" class=\"read-more\" href=\"https:\/\/firsttrack.it\/en\/telemark-journal-international-volume-3\/\" aria-label=\"Read more about Telemark Journal International Volume 3\">Read more<\/a><\/p>","protected":false},"author":1,"featured_media":1470,"comment_status":"closed","ping_status":"closed","sticky":false,"template":"","format":"standard","meta":{"footnotes":""},"categories":[1],"tags":[],"class_list":["post-1469","post","type-post","status-publish","format-standard","has-post-thumbnail","hentry","category-why-telemark"],"_links":{"self":[{"href":"https:\/\/firsttrack.it\/en\/wp-json\/wp\/v2\/posts\/1469","targetHints":{"allow":["GET"]}}],"collection":[{"href":"https:\/\/firsttrack.it\/en\/wp-json\/wp\/v2\/posts"}],"about":[{"href":"https:\/\/firsttrack.it\/en\/wp-json\/wp\/v2\/types\/post"}],"author":[{"embeddable":true,"href":"https:\/\/firsttrack.it\/en\/wp-json\/wp\/v2\/users\/1"}],"replies":[{"embeddable":true,"href":"https:\/\/firsttrack.it\/en\/wp-json\/wp\/v2\/comments?post=1469"}],"version-history":[{"count":3,"href":"https:\/\/firsttrack.it\/en\/wp-json\/wp\/v2\/posts\/1469\/revisions"}],"predecessor-version":[{"id":1477,"href":"https:\/\/firsttrack.it\/en\/wp-json\/wp\/v2\/posts\/1469\/revisions\/1477"}],"wp:featuredmedia":[{"embeddable":true,"href":"https:\/\/firsttrack.it\/en\/wp-json\/wp\/v2\/media\/1470"}],"wp:attachment":[{"href":"https:\/\/firsttrack.it\/en\/wp-json\/wp\/v2\/media?parent=1469"}],"wp:term":[{"taxonomy":"category","embeddable":true,"href":"https:\/\/firsttrack.it\/en\/wp-json\/wp\/v2\/categories?post=1469"},{"taxonomy":"post_tag","embeddable":true,"href":"https:\/\/firsttrack.it\/en\/wp-json\/wp\/v2\/tags?post=1469"}],"curies":[{"name":"wp","href":"https:\/\/api.w.org\/{rel}","templated":true}]}}